{"id":43911,"date":"2026-01-18T16:28:10","date_gmt":"2026-01-18T10:58:10","guid":{"rendered":"https:\/\/wordpress.wfglobal.org\/?p=43911"},"modified":"2026-01-18T16:28:11","modified_gmt":"2026-01-18T10:58:11","slug":"2025-idegen-nyelvu-motogp-jerez-bemelegito-teljesitmeny","status":"publish","type":"post","link":"https:\/\/wordpress.wfglobal.org\/index.php\/2026\/01\/18\/2025-idegen-nyelvu-motogp-jerez-bemelegito-teljesitmeny\/","title":{"rendered":"2025 Idegen nyelv\u0171 MotoGP, Jerez bemeleg\u00edt\u0151 teljes\u00edtm\u00e9ny"},"content":{"rendered":"<p>A k\u00f6vetkez\u0151 sor a szombati nap leggyorsabb Morbidellij\u00e9t mutatja be, aki \u00e9ppen Marc el\u0151tt haladt a p\u00e1ly\u00e1n, hogy k\u00e9s\u0151bb \u00e1t\u00e1lljon csapatt\u00e1rs\u00e1ra, Di Giannantoni\u00f3ra. Azt\u00e1n j\u00f6n egy m\u00e1sik igaz\u00e1n kiemelked\u0151 versenyz\u0151, Maverick Vi\u00f1ales (Purple Bull KTM Tech3), aki k\u00f6r\u00fclbel\u00fcl h\u00e1rom gy\u00e1rt\u00f3val el\u0151r\u00e9bb helyezkedett el, n\u00e9h\u00e1ny sorral a rajtr\u00e1csodban a 6. helyen. <!--more--> Az \u00faj #t\u00f6bb \u00e9s a legnagyobb KTM d\u00edjakat is elnyeri, mivel k\u00f6r\u00fclbel\u00fcl hat tizeddel megel\u0151zi Pedro Acost\u00e1t (Reddish Bull KTM Factory Racing), aki egy csendes kateg\u00f3ri\u00e1ban \u00e9rt c\u00e9lba, \u00e9s a 12. helyen v\u00e9gzett a leg\u00fajabb Q2-es versenyz\u0151k t\u00f6rt\u00e9net\u00e9ben. Aron Canet (Fantic Racing) nagyszer\u0171 visszat\u00e9r\u00e9st hajtott v\u00e9gre, hogy megszerezze az els\u0151 gy\u0151zelm\u00e9t az eg\u00e9sz \u00e9vt\u0151l, \u00e9s ezzel egy\u00fctt az \u00faj Moto2 Globe Championship vezet\u00e9s\u00e9t.<\/p>\n<p>\u00c9s id\u0151r\u0151l id\u0151re, amikor megpr\u00f3b\u00e1ltam elker\u00fclni, megpr\u00f3b\u00e1ltam karcs\u00fas\u00edtani, az eleje mindenhov\u00e1 megy, ahov\u00e1 nem tudok menni. \u201eA leg\u00fajabb f\u00f3kuszt j\u00f3l \u00e9rtem, ez volt a sprintversenyed els\u0151 hib\u00e1ja. A k\u00e9nyedre, m\u00e9terekkel k\u00fczd\u00f6k, mert egy ideig toltam az \u00e9len, \u00e9s az id\u0151m\u00e9r\u0151 fel\u00e9 menet egy ideig gondjaim voltak ott. \u201eEzen a r\u00e9szen a hat\u00e1ron voltam, de nem l\u00e9ptem \u00e1t a hat\u00e1rt\u201d \u2013 mondta a sr\u00e1c. \u201eMegpr\u00f3b\u00e1ltam igaz\u00e1n motorozni, ez\u00e9rt t\u00e1madtunk, mert l\u00e1ttam, hogy jobb \u00fctemben mentem azokban a k\u00f6r\u00f6kben. A legnehezebb dolgot tettem, \u00e9s hib\u00e1t k\u00f6vettem el a helyes t\u00e9m\u00e1ban, a legals\u00f3 r\u00e9szben.\u201d<\/p>\n<h2 id=\"toc-0\">Teljes 2025-\u00f6s indon\u00e9z MotoGP program, \u00d6sszes\u00edtett teljes\u00edtm\u00e9ny, kedd, Mandalika<\/h2>\n<p>A 19. k\u00f6rig az \u00faj testv\u00e9rek felcser\u00e9lt\u00e9k a verseny leggyorsabb k\u00f6reit, aminek k\u00f6vetkezt\u00e9ben Marc valamivel r\u00f6videbb id\u0151t futott, hogy Alex m\u00f6g\u00f6tt z\u00e1rk\u00f3zzon. Visszat\u00e9rve a k\u00f6z\u00f6s talajra, David Alonso a h\u00e9tv\u00e9g\u00e9n, k\u00f6zvetlen\u00fcl az id\u0151m\u00e9r\u0151 el\u0151tt, megk\u00fczdhetett volna csapatt\u00e1rs\u00e1val, Daniel Holgad\u00f3val a legjobb kezd\u0151 d\u00edjak\u00e9rt. Az \u00faj hull\u00e1m megfordult, amikor a CFMoto Gaviota Aspar ker\u00e9kp\u00e1rt a Moto3-bajnok miatt a kavicsos p\u00e1ly\u00e1ra k\u00fcldt\u00e9k a verseny elej\u00e9n, de Alonso visszaj\u00f6tt a nyolcadik helyre, k\u00f6zvetlen\u00fcl riv\u00e1lisa el\u00e9 a tizenegyedik helyen. A leg\u00fajabb idegenbeli versenyre \u00e9rkezve az \u00f6t futam\u00e1b\u00f3l k\u00f6r\u00fclbel\u00fcl h\u00e1rmat megnyert, egyet pedig a bevezet\u0151 rajthely el\u0151tt bukott meg.<\/p>\n<h2 id=\"toc-1\">Dall\u00e9p\u00e9s JEREZ-b\u0151l: Rendk\u00edv\u00fcl fontos percek a h\u00e9tv\u00e9g\u00e9n<\/h2>\n<p><img src=\"https:\/\/i99betm1.memberbet.com\/assets\/images\/slide01.jpg?v=1.0\" alt=\"spread betting\" align=\"right\" border=\"1\"><\/p>\n<p>Quiles megpr\u00f3b\u00e1lt egyenesen visszav\u00e1gni a c\u00e9legyenesbe, de csak kis h\u00e1tr\u00e1nyba ker\u00fclt, mivel Mu\u00f1oz megszerezte az \u00faj gy\u0151ztest a Moto3-ban. Quiles mind\u00f6ssze 0,050 m\u00e1sodperccel maradt le, mivel elhalasztotta a saj\u00e1t els\u0151 gy\u0151zelm\u00e9nek megszerz\u00e9s\u00e9t, m\u00edg a harmadik helyen \u00e1ll\u00f3 f\u00e9l\u00e9nk Carpe csak a nagyszer\u0171 p\u00e1rharcot tudja n\u00e9zni, de \u00edgy <a href=\"https:\/\/fogadas-sport.com\/fogadasi-oldalak\/\">el\u00e9rje a weboldalt<\/a> is megszerezte az \u00fajonc \u00e9v egy \u00fajabb dobog\u00f3s hely\u00e9t. Nem \u0151k voltak az els\u0151k az els\u0151 kateg\u00f3ri\u00e1ban, amit a frissen megkoron\u00e1zott vil\u00e1gbajnok Marc Marquez v\u00e1rhatott. Az \u00faj, h\u00e9tszeres MotoGP-szezongy\u0151ztes a korai cser\u00e9k sor\u00e1n kiesett az \u00faj t\u00edzb\u0151l, hogy a leg\u00fajabb #93-as aut\u00f3val a 17. helyen \u00e1lljon, amely f\u00e9l \u00f3r\u00e1val a keddi d\u00e9li fontos sz\u00fcnet el\u0151tt k\u00f6lt\u00f6z\u00f6tt, mivel a KTM, az Aprilia, a Honda \u00e9s a Yamaha versenyz\u0151i az els\u0151 n\u00e9gy k\u00f6z\u00f6tt \u00fcltek.<\/p>\n<ul>\n<li>\u00d6t k\u00f6rrel a v\u00e9ge el\u0151tt Lowes 0,3 m\u00e1sodperces hibahat\u00e1rral rendelkezik, \u00edgy Lopez alig t\u00f6bb mint egy m\u00e1sodperc lemarad\u00e1sban van Arbolino m\u00f6g\u00f6tt a legut\u00f3bbi dobog\u00f3s helyen.<\/li>\n<li>A sr\u00e1c azonban ism\u00e9t megs\u00e9r\u00fclt a z\u00e1r\u00f3 szinteken, ez\u00fattal egy leny\u0171g\u00f6z\u0151bb trenden bel\u00fcl a Change 9-n\u00e9l.<\/li>\n<li>Ami\u00f3ta Martin bel\u00e9pett az \u00faj fel\u00e1ll\u00e1sba, Acosta mind\u00f6ssze h\u00e1rom m\u00e1sodperccel visszavitte \u0151t a h\u00e1z\u00e1ba egy idegenbeli \u00fct\u00e9ssel a h\u00e1zba, \u00e9s ez az els\u0151 alkalom \u2013 Martinnak Jerezben nyert, \u00e9s dobog\u00f3ra \u00e1llhat Acost\u00e1\u00e9rt.<\/li>\n<li>Egy visszatasz\u00edt\u00f3 gurul\u00e1s k\u00f6vetkezett a kavicsos talajon, egyetlen szalt\u00f3 k\u00f6vetkezt\u00e9ben kificamodott a jobb v\u00e1lluk, \u00e9s a nagydarab felkarcsontja elt\u00f6rt.<\/li>\n<\/ul>\n<p>Martint ennek eredm\u00e9nyek\u00e9nt egy k\u00e9nyelmes egyenesbe ind\u00edtott\u00e1k, a spanyol pedig az \u00e9v k\u00f6vetkez\u0151 gyorsas\u00e1gi szakasz\u00e1t hajtotta v\u00e9gre Acosta 970-es k\u00f6re ut\u00e1n. A kilencedik k\u00f6rben azonban a 2021-es Misano els\u0151 gy\u0151zelm\u00e9re vonatkoz\u00f3 v\u00e1rakoz\u00e1saik szertefoszlottak, amikor a 9-es kanyarban visszaesett, m\u00e1sodpercekkel azut\u00e1n, hogy Alex Marquez, Binder \u00e9s Bastianini is hasonl\u00f3 balesetet szenvedtek az 5-\u00f6s kanyarban. Bezzecchi sz\u00e9lesebbre ment, \u00e9s Bagnai\u00e1t szor\u00edtotta meg, hogy Binderhez k\u00f6zeledjen, aki a ringbe hajtott, de az \u00faj Ducati versenyz\u0151j\u00e9hez csatlakozva le tudta gy\u0151zni.<\/p>\n<h2 id=\"toc-3\">Sokkal t\u00f6bb inform\u00e1ci\u00f3<\/h2>\n<p>B\u00e1r t\u00fal korai volt m\u00e9g felm\u00e9rni a versenyt, Quartararo \u00fagy \u00e9rzi, hogy a sr\u00e1cnak sz\u00fcks\u00e9ge van egy j\u00f3 V4-esre, hogy versenyben legyen a leg\u00fajabb Ducati-szt\u00e1rokkal. Bagnaia rendk\u00edv\u00fcl fontos dolgokat szerzett a harmadik helyen, de az olasz t\u00f6bbet v\u00e1rt a h\u00e9tv\u00e9gi nagyd\u00edjra. Marc Marquez miatt Quartararo szorosan \u00e1llt Dani Pedrosa hely\u00e9re a hatos kanyarban. Ut\u00f3bbi a verseny piszkosabb szakasz\u00e1n k\u00edv\u00fclre h\u00faz\u00f3dott, \u00e9s nagyon er\u0151sen kellett f\u00e9keznie, \u00edgy a versenye kegyetlen\u00fcl megtorpant, mivel az aut\u00f3 eleje kimos\u00f3dott az alj\u00e1b\u00f3l.<\/p>\n<p>A fiatalabb Marquez gy\u0151zelme el\u00e9ri a vadonat\u00faj 200. gy\u0151zelm\u00e9t, amivel egy j\u00f3 nyelvi versenyz\u0151nek sz\u00e1m\u00edt a MotoGP-ben, mik\u00f6zben ez a Ducati sikereinek sz\u00e1m\u00e1t is n\u00f6veli, \u00edgy 22 futamot nyerhet, ami megegyezik a Hond\u00e1val \u2013 1997 \u00e9s 1998. A Yamaha pil\u00f3t\u00e1ja sz\u00e1m\u00e1ra a startja val\u00f3j\u00e1ban a pole poz\u00edci\u00f3t\u00f3l t\u00e1vol \u00e1ll, mivel a j\u00f6v\u0151beni vesz\u00e9lyes k\u00eds\u00e9rlet\u00e9t \u2013 az \u00faj, id\u0151sebb Marquez \u2013 int\u00e9zte el. Az \u00faj verseny a k\u00f6vetkez\u0151 szakaszban alakult ki, ahol Quartararo, Alex Marquez \u00e9s Bagnaia el\u0151re meghat\u00e1rozz\u00e1k az ir\u00e1nyt. Val\u00f3sz\u00edn\u0171leg az egyik legh\u00edresebb val\u00f3sz\u00edn\u0171leg Pedrosa, mivel a verseny v\u00e9g\u00e9n a 14. helyen \u00e1ll. A tov\u00e1bbjut\u00e1sra v\u00e1gy\u00f3 csapatt\u00e1rsa, Brad Binder (Red Bull KTM Factory Race) lehet a leger\u0151sebb versenyz\u0151, aki a verseny v\u00e9ge k\u00f6zel\u00e9ben egy baleset ut\u00e1n a piros szektorokban a 11. helyen v\u00e9gzett. Hacsak m\u00e1s baj nem t\u00f6rt\u00e9nik, az \u00faj Southern African biztons\u00e1gosnak t\u0171nik a Q1-b\u0151l val\u00f3 feljut\u00e1sra.<\/p>\n<p><img src=\"https:\/\/www.smallstarter.com\/wp-content\/uploads\/2016\/03\/How-Sports-Betting-Businesses-Are-Taking-Over-Africa-SportPesa.jpg\" alt=\"transfer betting\" align=\"right\" border=\"1\"><\/p>\n<p>Gyakran Marc Marquez t\u00e9r vissza a kertbe, hogy el\u0171zze a 2020-as \u00e9v \u00faj d\u00e9monait, vagy az \u00faj, intelligens Quartararo \u00e9s Alex Marquezhez hasonl\u00f3k, \u00e9s Bagnaia szerep\u00e9ben? Quartararo megpr\u00f3b\u00e1lt Marquez mellett maradni a k\u00fcls\u0151 z\u00f3n\u00e1ban, de nem volt el\u00e9g er\u0151s az M1-ese, ami annyira \u00e9rdekelte. M\u00edg a p\u00e1ly\u00e1n \u00e9s a versenyen k\u00edv\u00fcl is meg\u00e1llta a hely\u00e9t, Marquez k\u00e9nyelmesen pr\u00f3b\u00e1lt el\u0151rel\u00e9pni testv\u00e9re, Alex el\u0151tt. Marquez azonban a Yamah\u00e1val a m\u00e1sodik k\u00f6rt\u0151l az els\u0151 s\u00e1v fel\u00e9 tartott. Az \u00faj Ducati ugyanabban a k\u00f6rben f\u00e9l\u00faton kih\u00fazta a sz\u00e9l\u00e1rny\u00e9kot, \u00e9s lef\u00e9kezett Quartarar\u00f3t, amikor a m\u00e1sodik k\u00f6r ut\u00e1n a Pedrosa \u00faj hajt\u0171kanyar\u00e1hoz \u00e9rt.<\/p>\n","protected":false},"excerpt":{"rendered":"<p>A k\u00f6vetkez\u0151 sor a szombati nap leggyorsabb Morbidellij\u00e9t mutatja be, aki \u00e9ppen Marc el\u0151tt haladt a p\u00e1ly\u00e1n, hogy k\u00e9s\u0151bb \u00e1t\u00e1lljon csapatt\u00e1rs\u00e1ra, Di Giannantoni\u00f3ra. Azt\u00e1n j\u00f6n egy m\u00e1sik igaz\u00e1n kiemelked\u0151 versenyz\u0151, Maverick Vi\u00f1ales (Purple Bull KTM Tech3), aki k\u00f6r\u00fclbel\u00fcl h\u00e1rom gy\u00e1rt\u00f3val el\u0151r\u00e9bb helyezkedett el, n\u00e9h\u00e1ny sorral a rajtr\u00e1csodban a 6. helyen.<\/p>\n","protected":false},"author":2,"featured_media":0,"comment_status":"closed","ping_status":"open","sticky":false,"template":"","format":"standard","meta":[],"categories":[1],"acf":[],"_links":{"self":[{"href":"https:\/\/wordpress.wfglobal.org\/index.php\/wp-json\/wp\/v2\/posts\/43911"}],"collection":[{"href":"https:\/\/wordpress.wfglobal.org\/index.php\/wp-json\/wp\/v2\/posts"}],"about":[{"href":"https:\/\/wordpress.wfglobal.org\/index.php\/wp-json\/wp\/v2\/types\/post"}],"author":[{"embeddable":true,"href":"https:\/\/wordpress.wfglobal.org\/index.php\/wp-json\/wp\/v2\/users\/2"}],"replies":[{"embeddable":true,"href":"https:\/\/wordpress.wfglobal.org\/index.php\/wp-json\/wp\/v2\/comments?post=43911"}],"version-history":[{"count":1,"href":"https:\/\/wordpress.wfglobal.org\/index.php\/wp-json\/wp\/v2\/posts\/43911\/revisions"}],"predecessor-version":[{"id":43912,"href":"https:\/\/wordpress.wfglobal.org\/index.php\/wp-json\/wp\/v2\/posts\/43911\/revisions\/43912"}],"wp:attachment":[{"href":"https:\/\/wordpress.wfglobal.org\/index.php\/wp-json\/wp\/v2\/media?parent=43911"}],"wp:term":[{"taxonomy":"category","embeddable":true,"href":"https:\/\/wordpress.wfglobal.org\/index.php\/wp-json\/wp\/v2\/categories?post=43911"}],"curies":[{"name":"wp","href":"https:\/\/api.w.org\/{rel}","templated":true}]}}