{"id":43906,"date":"2026-01-18T16:26:48","date_gmt":"2026-01-18T10:56:48","guid":{"rendered":"https:\/\/wordpress.wfglobal.org\/?p=43906"},"modified":"2026-01-18T16:26:49","modified_gmt":"2026-01-18T10:56:49","slug":"a-2025-os-holland-nagydij-a-haas-buntetese-utan-rajtracsra-szall","status":"publish","type":"post","link":"https:\/\/wordpress.wfglobal.org\/index.php\/2026\/01\/18\/a-2025-os-holland-nagydij-a-haas-buntetese-utan-rajtracsra-szall\/","title":{"rendered":"A 2025-\u00f6s Holland Nagyd\u00edj a Haas b\u00fcntet\u00e9se ut\u00e1n rajtr\u00e1csra sz\u00e1ll"},"content":{"rendered":"<div id=\"toc\" style=\"background: #f9f9f9;border: 1px solid #aaa;margin-bottom: 1em;padding: 1em;width: 350px\">\n<p class=\"toctitle\" style=\"font-weight: 700;text-align: center\">Bejegyz\u00e9sek<\/p>\n<ul class=\"toc_list\">\n<li><a href=\"#toc-0\">53\/72. k\u00f6r: Mindk\u00e9t McLaren aut\u00f3 el\u0151nyben van<\/a><\/li>\n<li><a href=\"#toc-1\">Holland Nagyd\u00edj: Lando Norris legy\u0151zte Max Verstappent, \u00e9s el\u0151nyre tett szert a Zandvoortban<\/a><\/li>\n<li><a href=\"#toc-2\">Fantasy sportesem\u00e9nyek P\u00e1ros\u00edt\u00e1sok az eny\u00e9mhez: Alv\u00f3 kezdem\u00e9nyez\u0151 az 1. h\u00f3napban<\/a><\/li>\n<\/ul>\n<\/div>\n<p>A McLaren versenyz\u0151je, Norris folytatta munk\u00e1j\u00e1t a legrosszabb kezdet\u00e9n, amikor nem siker\u00fclt megszereznie a vezet\u00e9st a hatodik egym\u00e1st k\u00f6vet\u0151 verseny\u00e9ben az 1-es algoritmus\u00fa rajtr\u00e1cs elej\u00e9re, azonban a 18. k\u00f6r elej\u00e9n bemutatta a Red Bull versenyz\u0151j\u00e9t, Verstappent, miel\u0151tt 22 m\u00e1sodperces el\u0151nnyel hazahajtott volna. Leclerc a Mercedes versenyz\u0151je, Kimi Antonelli el\u0151tt futott, \u00e9s amikor az \u00faj olasz az 51. k\u00f6rben ki\u00e1llt a boxba, hogy \u00faj, l\u00e1gyabb gumikat haszn\u00e1ljon, a Ferrari a k\u00f6r ut\u00e1n v\u00e1laszolt. <!--more--> Az \u00faj ausztr\u00e1l 2010-es 13 futamb\u00f3l hetedik gy\u0151zelme, amelyben a higgadts\u00e1g \u00e9s a st\u00edlus \u00faj megtestes\u00edt\u0151je volt, 34 hellyel hosszabb\u00edtja meg c\u00edmv\u00e9d\u0151i jogait. Norris azonban az utols\u00f3 z\u00e1r\u00f3kon n\u00e9gy perccel versenyt\u00e1rsa el\u0151tt \u00e9rkezett, \u00e9s pontosan a verseny leggyorsabb k\u00f6r\u00e9t futotta az \u00faj gumik\u00e9szlet\u00e9vel. \u00c9rdekl\u0151dt\u00fcnk Norris teljes\u00edtm\u00e9ny\u00e9r\u0151l, aki 2010-ben h\u00e1romszor nem szerezte meg a pole poz\u00edci\u00f3t az els\u0151 k\u00f6rben.<\/p>\n<p>A friss, n\u00e9gyszeres vil\u00e1gbajnok k\u00fczd\u00f6tt az\u00e9rt, hogy gyors legyen a Purple Bull versenyaut\u00f3j\u00e1ban a Zandvoort versenyen, \u00e9s biztos vagyok benne, hogy az els\u0151 \u00f6t k\u00f6z\u00e9 jut\u00e1s neh\u00e9z lesz. Az \u00faj Holland Nagyd\u00edj megszerzi Norris m\u00e1sodik gy\u0151zelm\u00e9t a szezonban, miut\u00e1n Miamiban el\u0151sz\u00f6r gy\u0151z\u00f6tt. A k\u00f6vetkez\u0151 Ferraris, Piastri m\u00f6g\u00f6tt Carlos Sainz j\u00f3 form\u00e1ban van. Az \u00faj spanyol pil\u00f3ta a 11. helyr\u0151l j\u00f6tt fel a rajtr\u00e1csra egy neh\u00e9z h\u00e9tv\u00e9ge ut\u00e1n, amelyet a h\u00e9tv\u00e9gi edz\u00e9sen elszenvedett s\u00falyos sebess\u00e9gv\u00e1lt\u00f3-hiba okozott, miel\u0151tt szombaton kvalifik\u00e1lta volna mag\u00e1t, hogy utol\u00e9rje, \u00e9s bevallja, hogy a Red Bulls-os Perez az \u00f6t\u00f6dik helyen \u00e1ll. K\u00e9s\u0151bb megel\u0151zte Russellt, de Piastri csapd\u00e1ba esett Leclerc Ferrarij\u00e1val, \u00e9s az el\u0151rel\u00e9p\u00e9sei itt megakadtak, amikor a Ferrari pil\u00f3t\u00e1ja egy nagyszer\u0171 dobog\u00f3s helyez\u00e9st \u00e9rt el, amir\u0151l nem is gondoltam volna, hogy lehets\u00e9ges lesz az \u00faj verseny el\u0151tt.<\/p>\n<h2 id=\"toc-0\">53\/72. k\u00f6r: Mindk\u00e9t McLaren aut\u00f3 el\u0151nyben van<\/h2>\n<p>A frissen indul\u00f3 brit a p\u00e1ly\u00e1r\u00f3l val\u00f3 kihajt\u00e1s el\u0151tt \u201evalami kom\u00e9di\u00e1t\u201d mondott a motoron, mik\u00f6zben a McLarenje olajat cs\u00f6p\u00f6gtetett a 3. \u00e9s a 7. l\u00e9p\u00e9s k\u00f6z\u00f6tt. <a href=\"https:\/\/fogadas-sport.com\/tippek\/\">fogadas-sport.com magyar\u00e1zatukat<\/a> A biztons\u00e1gi aut\u00f3 ism\u00e9t bevet\u00e9sre ker\u00fclt, \u00e9s Norris visszaes\u00e9se miatt leverten s\u00e9t\u00e1lt vissza az \u00faj kocsifelhajt\u00f3ra, c\u00edmv\u00e9d\u0151 rem\u00e9nyei gyorsan vesz\u00e9lybe ker\u00fcltek. N\u00e9h\u00e1ny k\u00f6rrel k\u00e9s\u0151bb a boxutca m\u00e1r a k\u00f6vetkez\u0151 szakaszban volt, Verstappen arr\u00f3l sz\u00e1molt be, hogy a gumijai \u201eelzsibbadtak\u201d. Nem val\u00f3sz\u00edn\u0171, hogy ezen a h\u00e9tv\u00e9g\u00e9n Zandvoortban l\u00e1tunk majd naps\u00fct\u00e9st, mivel az id\u0151j\u00e1r\u00e1s borult az el\u0151rejelz\u00e9sek szerint.<\/p>\n<p>Nincs v\u00e1ltoz\u00e1s az \u00fcgyben, mivel Max Verstappen kirep\u00fcl, hogy a v\u00e9dekez\u0151 aut\u00f3 k\u00f6reinek v\u00e9g\u00e9t k\u00f6vesse. Sergio Perez \u00e1tmegy az \u00faton, hogy seg\u00edtsen elh\u00fazni Fernando Alonso el\u0151l, \u00e9s te leszel a k\u00f6vetkez\u0151. Verstappen nemr\u00e9giben egy \u00faj leggyorsabb k\u00f6rt futott, amely most t\u00f6bb mint \u00f6t m\u00e1sodperccel megel\u0151zi Sergio Perezt.<\/p>\n<h2 id=\"toc-1\">Holland Nagyd\u00edj: Lando Norris legy\u0151zte Max Verstappent, \u00e9s el\u0151nyre tett szert a Zandvoortban<\/h2>\n<p><img src=\"https:\/\/www.thelines.com\/wp-content\/uploads\/2019\/01\/SportsBettingNBC.png\" alt=\"bitcoin betting\" align=\"left\" border=\"0\"><\/p>\n<p>Alex Albon, aki nem \u00e1ll\u00edtotta ki Williams\u00e9t a k\u00f6ztes futamok miatt, visszaj\u00f6tt a hetedik helyre, megel\u0151zve Kevin Magnussen Haas\u00e1t, majd Zhou hatodik lett. Az amerikai F1-rajong\u00f3k a 2023-as esem\u00e9nyeket is k\u00f6vethetik, 23 versenyt \u00e9l\u0151ben k\u00f6zvet\u00edtenek az ABC-n, az ESPN-en \u00e9s az ESPN2-n. A nyelvtud\u00e1sbeli rajong\u00f3k \u00e9l\u0151ben k\u00f6vethetik az ESPN Deportes m\u0171sorait, de az ESPNews \u00e9s az ESPNU is t\u00e1j\u00e9koztatja \u00d6nt n\u00e9h\u00e1ny programr\u00f3l, \u00e9s eg\u00e9sz \u00e9vben \u00e9l\u0151ben k\u00f6vetheti a kvalifik\u00e1ci\u00f3s versenyeket. Egy j\u00f3 \u00fajraind\u00edt\u00e1si d\u00e1tum j\u00f3 \u00fatnak t\u0171nt volna, de a sorrendet \u00e1talak\u00edtott\u00e1k, hogy j\u00f3 k\u00f6rt tegyenek meg, miel\u0151tt a figyelmeztet\u0151 jelz\u00e9st lengetn\u00e9k. Megmentett\u00e9k Perezt, aki a harmadik helyen folytatja Verstappen m\u00f6g\u00f6tt, \u00e9s Alons\u00f3t, aki az \u00faj dalt el\u0151zte meg. Valtteri Bottas Alfa Rome\u00f3ja kiker\u00fclt az 1-es kanyar el\u0151tt, amikor Sainz Ocont \u00e1ll\u00edtotta be, hogy a s\u00e1rg\u00e1k alatt a 6. helyen \u00e1lljon.<\/p>\n<h2 id=\"toc-2\">Fantasy sportesem\u00e9nyek P\u00e1ros\u00edt\u00e1sok az eny\u00e9mhez: Alv\u00f3 kezdem\u00e9nyez\u0151 az 1. h\u00f3napban<\/h2>\n<p>Az \u00faj versenyb\u00edr\u00f3k tov\u00e1bbra is elfoglaltak voltak a Zandvoort alatt, miut\u00e1n meger\u0151s\u00edtett\u00e9k, hogy Leclerc \u00e9s Russell k\u00f6z\u00f6tt a verseny ut\u00e1n vizsg\u00e1latot fognak v\u00e9gezni. A j\u00f6v\u0151ben Norris \u2013 1,7 m\u00e1sodperccel lemaradva csapatt\u00e1rs\u00e1t\u00f3l \u2013 azt mondta, hogy a legnagyobb es\u00e9lye Piastri legy\u0151z\u00e9s\u00e9re az lenne, ha p\u00e1ly\u00e1n haladna, nem pedig m\u00f3dszeresen. \u201eCsak nagyon ostoba\u201d \u2013 mondta Sainz a versenyt\u00e1rs\u00e1r\u00f3l, mik\u00f6zben minden aut\u00f3t ki\u00e1ll\u00edtottak a boxba, hogy \u00f6sszet\u00f6rj\u00e9k az aut\u00f3jukat. Amikor m\u00e1r a 18. \u00e9s a 19. helyen \u00e1lltak, Piastri 1,7 m\u00e1sodperces lemarad\u00e1st szerzett Norrishoz k\u00e9pest a 30. k\u00f6rt\u0151l, amikor Russell j\u00f3val kor\u00e1bban a 4. hely\u00e9rt k\u00fczd\u00f6tt a boxutc\u00e1ban. \u201eLejjebb megyek, mint meg\u00e1llok\u201d \u2013 mondta Russell, mik\u00f6zben a Race Bulls h\u00e1zigazd\u00e1j\u00e1\u00e9rt k\u00fczd\u00f6tt.<\/p>\n<p>46. \u200b\u200bk\u00f6r \u2013 Mint egy lelkes harmonika, de egy kicsit izgalmasabb az Oscar Piastri \u00e9s Lando Norris k\u00f6z\u00f6tti m\u00e9lypont. 30. k\u00f6r \u2013 Oscar Piastri n\u00e9h\u00e1ny pillanatig kiny\u00fajtotta a fej\u00e9t, elker\u00fclve a sz\u00f6rny\u0171 DRS-t. Verstappen el\u0151rehalad\u00e1sa 1,7 m\u00e1sodperccel Norris el\u0151tt lassul a harmadik k\u00f6r\u00f6n. A 2025-\u00f6s Holland Nagyd\u00edj hat\u00e1sa, egy k\u00f6r\u00f6s \u00f6sszefoglal\u00f3, komment\u00e1r \u00e9s elemz\u00e9s rengeteg \u00e9rdekess\u00e9get k\u00edn\u00e1l. Pont megfelel\u0151 m\u00e9ret\u0171 \u00f6sszefoglal\u00f3, ha esetleg nem \u00e9rdekeln\u00e9, vagy nincs el\u00e9g id\u0151d.<\/p>\n<p>A b\u00edr\u00f3s\u00e1g \u00edt\u00e9lete szerint az adatok \u201enem meggy\u0151z\u0151ek\u201d azzal kapcsolatban, hogy Leclerc tov\u00e1bbra is az \u00faj rajtn\u00e1l tart-e, \u00e9s \u00edgy minden m\u00e1s aut\u00f3s \u00fagy \u00e9rezte, hogy ez egy olyan rohan\u00f3 incidens, ami\u00e9rt senkit sem lehetne megb\u00fcntetni. Egy v\u00e1rakoz\u00f3 sor alakult ki a r\u00e9ss\u00e1vban, ahogy a pil\u00f3t\u00e1k t\u00f6mege k\u00e9sz\u00fclt az utols\u00f3 k\u00f6r\u00f6kre. A nagy k\u00fcl\u00f6nbs\u00e9g\u0171 versenyz\u0151knek k\u00f6sz\u00f6nhet\u0151en ez mind a Sainz sz\u00e1m\u00e1ra volt a legvesz\u00e9lyeztetettebbek k\u00f6z\u00f6tt az utols\u00f3 percekben. Az \u00faj spanyol versenyz\u0151nek siker\u00fclt felz\u00e1rk\u00f3znia a P1-re, miel\u0151tt letasz\u00edtott\u00e1k volna \u0151ket, mik\u00f6zben a m\u00e1sik aut\u00f3 megel\u0151zte.<\/p>\n<p><img src=\"https:\/\/postmediatorontosun.files.wordpress.com\/2019\/02\/betting-e1549251892507.jpg\" alt=\"mma betting odds\" border=\"1\" align=\"right\"><\/p>\n<p>Sergio Perez k\u00f6zvetlen\u00fcl Fernando Alonso el\u00e9 ker\u00fcl, aki a vezet\u0151 aut\u00f3k k\u00f6z\u00fcl utols\u00f3k\u00e9nt gurul be az \u00faj boxba. Zhou Guanyu k\u00f6veti Sergio Perezt a dalb\u00f3l, \u00e9s m\u00e1ris r\u00e1 lehet csattanni az \u00faj korl\u00e1tokra. B\u00e1r a biztons\u00e1gi aut\u00f3t k\u00f6vetem, \u00e9n is a telep\u00edtett \u00e9s m\u0171k\u00f6d\u0151 r\u00e9szlegb\u0151l j\u00f6v\u00f6k, ahol a harcrendszer ir\u00e1ny\u00edt\u00e1sa a c\u00e9l, egy fut\u00f3 rajtot eredm\u00e9nyez. Verstappen tov\u00e1bbra is t\u00f6bb mint egy plusz el\u0151nyben van, mivel a friss es\u0151v\u00edz az aut\u00f3k m\u00f6g\u00f6tt folyik.<\/p>\n","protected":false},"excerpt":{"rendered":"<p>Bejegyz\u00e9sek 53\/72. k\u00f6r: Mindk\u00e9t McLaren aut\u00f3 el\u0151nyben van Holland Nagyd\u00edj: Lando Norris legy\u0151zte Max Verstappent, \u00e9s el\u0151nyre tett szert a Zandvoortban Fantasy sportesem\u00e9nyek P\u00e1ros\u00edt\u00e1sok az eny\u00e9mhez: Alv\u00f3 kezdem\u00e9nyez\u0151 az 1. h\u00f3napban A McLaren versenyz\u0151je, Norris folytatta munk\u00e1j\u00e1t a legrosszabb kezdet\u00e9n, amikor nem siker\u00fclt megszereznie a vezet\u00e9st a hatodik egym\u00e1st k\u00f6vet\u0151 verseny\u00e9ben az 1-es algoritmus\u00fa rajtr\u00e1cs [&hellip;]<\/p>\n","protected":false},"author":2,"featured_media":0,"comment_status":"closed","ping_status":"open","sticky":false,"template":"","format":"standard","meta":[],"categories":[1],"acf":[],"_links":{"self":[{"href":"https:\/\/wordpress.wfglobal.org\/index.php\/wp-json\/wp\/v2\/posts\/43906"}],"collection":[{"href":"https:\/\/wordpress.wfglobal.org\/index.php\/wp-json\/wp\/v2\/posts"}],"about":[{"href":"https:\/\/wordpress.wfglobal.org\/index.php\/wp-json\/wp\/v2\/types\/post"}],"author":[{"embeddable":true,"href":"https:\/\/wordpress.wfglobal.org\/index.php\/wp-json\/wp\/v2\/users\/2"}],"replies":[{"embeddable":true,"href":"https:\/\/wordpress.wfglobal.org\/index.php\/wp-json\/wp\/v2\/comments?post=43906"}],"version-history":[{"count":1,"href":"https:\/\/wordpress.wfglobal.org\/index.php\/wp-json\/wp\/v2\/posts\/43906\/revisions"}],"predecessor-version":[{"id":43908,"href":"https:\/\/wordpress.wfglobal.org\/index.php\/wp-json\/wp\/v2\/posts\/43906\/revisions\/43908"}],"wp:attachment":[{"href":"https:\/\/wordpress.wfglobal.org\/index.php\/wp-json\/wp\/v2\/media?parent=43906"}],"wp:term":[{"taxonomy":"category","embeddable":true,"href":"https:\/\/wordpress.wfglobal.org\/index.php\/wp-json\/wp\/v2\/categories?post=43906"}],"curies":[{"name":"wp","href":"https:\/\/api.w.org\/{rel}","templated":true}]}}